{"id":44,"date":"2019-05-29T17:23:23","date_gmt":"2019-05-29T17:23:23","guid":{"rendered":"http:\/\/bresciani-almeida.com.br\/artigos\/?p=44"},"modified":"2019-05-29T17:23:23","modified_gmt":"2019-05-29T17:23:23","slug":"direito-de-visitas-dos-avos-aos-netos-nos-casos-de-separacao","status":"publish","type":"post","link":"https:\/\/bresciani-almeida.com.br\/artigos\/direito-de-visitas-dos-avos-aos-netos-nos-casos-de-separacao\/","title":{"rendered":"Direito de visitas  dos av\u00f3s aos netos, nos  casos de separa\u00e7\u00e3o"},"content":{"rendered":"\n<p>&#8220;A Conviv\u00eancia familiar \u00e9 um direito de todos.\u201d O artigo preserva o direito dos filhos de pais divorciados de conviverem com ambos, abrangendo tamb\u00e9m os demais membros da fam\u00edlia (av\u00f3s, tios, padrastos, etc.).<\/p>\n\n\n\n<p>Desde de 2011, o direito dos av\u00f3s de visitarem os netos foi assegurado em lei (Lei 12.398\/11), quando foi inclu\u00eddo um par\u00e1grafo \u00fanico no art. 1.589 do C\u00f3digo Civil, que diz assim:<\/p>\n\n\n\n<blockquote class=\"wp-block-quote\"><p><strong><em>Art. 1.589. O pai ou a m\u00e3e, em cuja guarda n\u00e3o estejam os filhos, poder\u00e1 visit\u00e1-los e t\u00ea-los em sua companhia, segundo o que acordar com o outro c\u00f4njuge, ou for fixado pelo juiz, bem como fiscalizar sua manuten\u00e7\u00e3o e educa\u00e7\u00e3o. Par\u00e1grafo \u00fanico. O direito de visita estende-se a qualquer dos av\u00f3s, a crit\u00e9rio do juiz, observados os interesses da crian\u00e7a ou do adolescente<\/em><\/strong><\/p><\/blockquote>\n","protected":false},"excerpt":{"rendered":"<p>&#8220;A Conviv\u00eancia familiar \u00e9 um direito de todos.\u201d O artigo preserva o direito dos filhos de pais divorciados de conviverem com ambos, abrangendo tamb\u00e9m os&hellip;<\/p>\n","protected":false},"author":1,"featured_media":45,"comment_status":"closed","ping_status":"closed","sticky":false,"template":"","format":"standard","meta":{"sfsi_plus_gutenberg_text_before_share":"","sfsi_plus_gutenberg_show_text_before_share":"","sfsi_plus_gutenberg_icon_type":"","sfsi_plus_gutenberg_icon_alignemt":"","sfsi_plus_gutenburg_max_per_row":"","footnotes":""},"categories":[7],"tags":[],"_links":{"self":[{"href":"https:\/\/bresciani-almeida.com.br\/artigos\/wp-json\/wp\/v2\/posts\/44"}],"collection":[{"href":"https:\/\/bresciani-almeida.com.br\/artigos\/wp-json\/wp\/v2\/posts"}],"about":[{"href":"https:\/\/bresciani-almeida.com.br\/artigos\/wp-json\/wp\/v2\/types\/post"}],"author":[{"embeddable":true,"href":"https:\/\/bresciani-almeida.com.br\/artigos\/wp-json\/wp\/v2\/users\/1"}],"replies":[{"embeddable":true,"href":"https:\/\/bresciani-almeida.com.br\/artigos\/wp-json\/wp\/v2\/comments?post=44"}],"version-history":[{"count":1,"href":"https:\/\/bresciani-almeida.com.br\/artigos\/wp-json\/wp\/v2\/posts\/44\/revisions"}],"predecessor-version":[{"id":46,"href":"https:\/\/bresciani-almeida.com.br\/artigos\/wp-json\/wp\/v2\/posts\/44\/revisions\/46"}],"wp:featuredmedia":[{"embeddable":true,"href":"https:\/\/bresciani-almeida.com.br\/artigos\/wp-json\/wp\/v2\/media\/45"}],"wp:attachment":[{"href":"https:\/\/bresciani-almeida.com.br\/artigos\/wp-json\/wp\/v2\/media?parent=44"}],"wp:term":[{"taxonomy":"category","embeddable":true,"href":"https:\/\/bresciani-almeida.com.br\/artigos\/wp-json\/wp\/v2\/categories?post=44"},{"taxonomy":"post_tag","embeddable":true,"href":"https:\/\/bresciani-almeida.com.br\/artigos\/wp-json\/wp\/v2\/tags?post=44"}],"curies":[{"name":"wp","href":"https:\/\/api.w.org\/{rel}","templated":true}]}}