{"id":40,"date":"2019-05-23T17:46:57","date_gmt":"2019-05-23T17:46:57","guid":{"rendered":"http:\/\/bresciani-almeida.com.br\/artigos\/?p=40"},"modified":"2019-05-23T17:46:57","modified_gmt":"2019-05-23T17:46:57","slug":"aprovada-no-senado-passageiros-terao-direito-a-despachar-1-mala-de-ate-23kg-sem-pagar","status":"publish","type":"post","link":"https:\/\/bresciani-almeida.com.br\/artigos\/aprovada-no-senado-passageiros-terao-direito-a-despachar-1-mala-de-ate-23kg-sem-pagar\/","title":{"rendered":"Aprovada no Senado: passageiros ter\u00e3o direito a despachar 1 mala de at\u00e9 23kg sem pagar"},"content":{"rendered":"\n<p> O Senado aprovou nessa quarta-feira (22), a <strong>Medida Provis\u00f3ria (MP) 863\/18<\/strong>, que isenta a cobran\u00e7a de bagagem de at\u00e9 23kg por passageiro nas linhas dom\u00e9sticas, em aeronaves acima de 31 assentos. Nas linhas internacionais, a franquia funcionar\u00e1 pelo sistema de pe\u00e7a ou peso, seguindo a regulamenta\u00e7\u00e3o espec\u00edfica. <\/p>\n","protected":false},"excerpt":{"rendered":"<p>O Senado aprovou nessa quarta-feira (22), a Medida Provis\u00f3ria (MP) 863\/18, que isenta a cobran\u00e7a de bagagem de at\u00e9 23kg por passageiro nas linhas dom\u00e9sticas,&hellip;<\/p>\n","protected":false},"author":1,"featured_media":41,"comment_status":"closed","ping_status":"closed","sticky":false,"template":"","format":"standard","meta":{"sfsi_plus_gutenberg_text_before_share":"","sfsi_plus_gutenberg_show_text_before_share":"","sfsi_plus_gutenberg_icon_type":"","sfsi_plus_gutenberg_icon_alignemt":"","sfsi_plus_gutenburg_max_per_row":"","footnotes":""},"categories":[13],"tags":[15,16,17,14],"_links":{"self":[{"href":"https:\/\/bresciani-almeida.com.br\/artigos\/wp-json\/wp\/v2\/posts\/40"}],"collection":[{"href":"https:\/\/bresciani-almeida.com.br\/artigos\/wp-json\/wp\/v2\/posts"}],"about":[{"href":"https:\/\/bresciani-almeida.com.br\/artigos\/wp-json\/wp\/v2\/types\/post"}],"author":[{"embeddable":true,"href":"https:\/\/bresciani-almeida.com.br\/artigos\/wp-json\/wp\/v2\/users\/1"}],"replies":[{"embeddable":true,"href":"https:\/\/bresciani-almeida.com.br\/artigos\/wp-json\/wp\/v2\/comments?post=40"}],"version-history":[{"count":1,"href":"https:\/\/bresciani-almeida.com.br\/artigos\/wp-json\/wp\/v2\/posts\/40\/revisions"}],"predecessor-version":[{"id":42,"href":"https:\/\/bresciani-almeida.com.br\/artigos\/wp-json\/wp\/v2\/posts\/40\/revisions\/42"}],"wp:featuredmedia":[{"embeddable":true,"href":"https:\/\/bresciani-almeida.com.br\/artigos\/wp-json\/wp\/v2\/media\/41"}],"wp:attachment":[{"href":"https:\/\/bresciani-almeida.com.br\/artigos\/wp-json\/wp\/v2\/media?parent=40"}],"wp:term":[{"taxonomy":"category","embeddable":true,"href":"https:\/\/bresciani-almeida.com.br\/artigos\/wp-json\/wp\/v2\/categories?post=40"},{"taxonomy":"post_tag","embeddable":true,"href":"https:\/\/bresciani-almeida.com.br\/artigos\/wp-json\/wp\/v2\/tags?post=40"}],"curies":[{"name":"wp","href":"https:\/\/api.w.org\/{rel}","templated":true}]}}