{"id":47,"date":"2019-05-30T15:07:44","date_gmt":"2019-05-30T15:07:44","guid":{"rendered":"http:\/\/bresciani-almeida.com.br\/artigos\/?p=47"},"modified":"2019-05-31T14:23:15","modified_gmt":"2019-05-31T14:23:15","slug":"stf-locais-insalubres","status":"publish","type":"post","link":"http:\/\/bresciani-almeida.com.br\/artigos\/stf-locais-insalubres\/","title":{"rendered":"STF julga inconstitucional  lei que permitia gr\u00e1vidas e lactantes em atividades  de trabalho insalubres"},"content":{"rendered":"\n<p> &#8220;O <strong>Plen\u00e1rio do Supremo Tribunal Federal (STF)<\/strong>, por maioria de votos, julgou procedente a <strong>A\u00e7\u00e3o Direta de Inconstitucionalidade (ADI) 5938<\/strong> para declarar inconstitucionais trechos de dispositivos da <strong>Consolida\u00e7\u00e3o das Leis do Trabalho (CLT)<\/strong> inseridos pela <strong>Reforma Trabalhista (Lei 13.467\/2017)<\/strong> que admitiam a possibilidade de trabalhadoras gr\u00e1vidas e lactantes desempenharem atividades insalubres em algumas hip\u00f3teses. Para a corrente majorit\u00e1ria, a express\u00e3o <strong>\u201cquando apresentar atestado de sa\u00fade, emitido por m\u00e9dico de confian\u00e7a da mulher\u201d<\/strong>, contida nos incisos II e III do artigo 394-A da CLT, afronta a prote\u00e7\u00e3o constitucional \u00e0 maternidade e \u00e0 crian\u00e7a.<\/p>\n\n\n\n<p>A a\u00e7\u00e3o foi ajuizada no Supremo pela<strong> Confedera\u00e7\u00e3o Nacional dos Trabalhadores Metal\u00fargicos<\/strong>. A norma questionada admitia que gestantes exercessem atividades consideradas insalubres em grau m\u00e9dio ou m\u00ednimo e que lactantes desempenhassem atividades insalubres em qualquer grau, exceto quando apresentassem atestado de sa\u00fade que recomende o afastamento. Tal permiss\u00e3o legal, segundo a entidade autora, afronta a prote\u00e7\u00e3o que a <strong>Constitui\u00e7\u00e3o Federal <\/strong>atribui \u00e0 maternidade, \u00e0 gesta\u00e7\u00e3o, \u00e0 sa\u00fade, \u00e0 mulher, ao nascituro, aos rec\u00e9m-nascidos, ao trabalho e ao meio ambiente de trabalho equilibrado. A efic\u00e1cia dos dispositivos estava suspensa desde o fim do m\u00eas passado por liminar deferida pelo relator, ministro Alexandre de Moraes.<\/p>\n\n\n\n<p>No in\u00edcio da sess\u00e3o desta quarta-feira (29\/05\/2019), em que se apreciou o m\u00e9rito da a\u00e7\u00e3o, falaram na condi\u00e7\u00e3o de <em>amici curiae<\/em> os representantes da <strong>Confedera\u00e7\u00e3o Nacional de Sa\u00fade (CNS)<\/strong>, pela improced\u00eancia da a\u00e7\u00e3o, e da <strong>Central \u00danica do Trabalhadores (CUT)<\/strong>, que defendeu a inconstitucionalidade dos trechos da norma.<\/p>\n\n\n\n<blockquote class=\"wp-block-quote\"><p><strong><em>Prote\u00e7\u00e3o \u00e0 maternidade<\/em><\/strong><\/p><p><em>O relator iniciou seu voto observando que, ap\u00f3s a altera\u00e7\u00e3o legal, a norma passou a impor \u00e0s gr\u00e1vidas e \u00e0s lactantes o \u00f4nus de apresentar atestado de sa\u00fade como condi\u00e7\u00e3o para o afastamento. Esse \u00f4nus, segundo o ministro, sujeita a trabalhadora a maior embara\u00e7o para o exerc\u00edcio de seus direitos, sobretudo para aquelas que n\u00e3o t\u00eam acesso \u00e0 sa\u00fade b\u00e1sica para conseguir o atestado.&#8221;<\/em><\/p><\/blockquote>\n\n\n\n<pre class=\"wp-block-verse\"><strong>Fonte: Supremo Tribunal Federal @stfjusbr<\/strong><\/pre>\n","protected":false},"excerpt":{"rendered":"<p>&#8220;O Plen\u00e1rio do Supremo Tribunal Federal (STF), por maioria de votos, julgou procedente a A\u00e7\u00e3o Direta de Inconstitucionalidade (ADI) 5938 para declarar inconstitucionais trechos de&hellip;<\/p>\n","protected":false},"author":1,"featured_media":48,"comment_status":"closed","ping_status":"closed","sticky":false,"template":"","format":"standard","meta":{"sfsi_plus_gutenberg_text_before_share":"","sfsi_plus_gutenberg_show_text_before_share":"","sfsi_plus_gutenberg_icon_type":"","sfsi_plus_gutenberg_icon_alignemt":"","sfsi_plus_gutenburg_max_per_row":"","footnotes":""},"categories":[7,2],"tags":[10,9,19,18,22,21],"_links":{"self":[{"href":"http:\/\/bresciani-almeida.com.br\/artigos\/wp-json\/wp\/v2\/posts\/47"}],"collection":[{"href":"http:\/\/bresciani-almeida.com.br\/artigos\/wp-json\/wp\/v2\/posts"}],"about":[{"href":"http:\/\/bresciani-almeida.com.br\/artigos\/wp-json\/wp\/v2\/types\/post"}],"author":[{"embeddable":true,"href":"http:\/\/bresciani-almeida.com.br\/artigos\/wp-json\/wp\/v2\/users\/1"}],"replies":[{"embeddable":true,"href":"http:\/\/bresciani-almeida.com.br\/artigos\/wp-json\/wp\/v2\/comments?post=47"}],"version-history":[{"count":3,"href":"http:\/\/bresciani-almeida.com.br\/artigos\/wp-json\/wp\/v2\/posts\/47\/revisions"}],"predecessor-version":[{"id":51,"href":"http:\/\/bresciani-almeida.com.br\/artigos\/wp-json\/wp\/v2\/posts\/47\/revisions\/51"}],"wp:featuredmedia":[{"embeddable":true,"href":"http:\/\/bresciani-almeida.com.br\/artigos\/wp-json\/wp\/v2\/media\/48"}],"wp:attachment":[{"href":"http:\/\/bresciani-almeida.com.br\/artigos\/wp-json\/wp\/v2\/media?parent=47"}],"wp:term":[{"taxonomy":"category","embeddable":true,"href":"http:\/\/bresciani-almeida.com.br\/artigos\/wp-json\/wp\/v2\/categories?post=47"},{"taxonomy":"post_tag","embeddable":true,"href":"http:\/\/bresciani-almeida.com.br\/artigos\/wp-json\/wp\/v2\/tags?post=47"}],"curies":[{"name":"wp","href":"https:\/\/api.w.org\/{rel}","templated":true}]}}