{"id":373,"date":"2024-11-12T22:31:32","date_gmt":"2024-11-12T22:31:32","guid":{"rendered":"https:\/\/bresciani-almeida.com.br\/artigos\/?p=373"},"modified":"2024-11-12T22:31:36","modified_gmt":"2024-11-12T22:31:36","slug":"empregos-verdes-transicao-justa-e-o-direito-trabalhista","status":"publish","type":"post","link":"http:\/\/bresciani-almeida.com.br\/artigos\/empregos-verdes-transicao-justa-e-o-direito-trabalhista\/","title":{"rendered":"Empregos verdes, transi\u00e7\u00e3o justa e o direito trabalhista"},"content":{"rendered":"\n<p><strong>Um enfoque nas rela\u00e7\u00f5es de trabalho, a partir da nova agenda clim\u00e1tica<\/strong><\/p>\n\n\n\n<p>A crise clim\u00e1tica \u00e9 uma realidade incontest\u00e1vel, que demanda respostas urgentes, efetivas e multissetoriais. Dentre as diversas estrat\u00e9gias para mitigar impactos socioambientais, a transi\u00e7\u00e3o para uma economia verde se destaca como um imperativo global. Esse processo, contudo, deve ser conduzido de maneira a garantir que os trabalhadores n\u00e3o sejam deixados para tr\u00e1s. A nova agenda trabalhista, portanto, precisa integrar as preocupa\u00e7\u00f5es clim\u00e1ticas \u00e0s rela\u00e7\u00f5es de trabalho, observando-se a redu\u00e7\u00e3o de desigualdades.<\/p>\n\n\n\n<p><strong>Os empregos verdes s\u00e3o definidos como aqueles que contribuem para a preserva\u00e7\u00e3o ou restaura\u00e7\u00e3o da qualidade ambiental; <\/strong>eles englobam desde atividades tradicionais, como a agricultura e o manejo florestal, at\u00e9 setores emergentes, como as energias renov\u00e1veis e a efici\u00eancia energ\u00e9tica. Esses setores s\u00e3o fundamentais na transi\u00e7\u00e3o para uma economia sustent\u00e1vel, uma vez que promovem pr\u00e1ticas que reduzem o impacto ambiental, aumentam a efici\u00eancia na utiliza\u00e7\u00e3o dos recursos e minimizam a emiss\u00e3o de gases de efeito estufa.<\/p>\n\n\n\n<p>J\u00e1 a transi\u00e7\u00e3o justa \u00e9 um conceito que carrega um maior grau de complexidade, uma vez que n\u00e3o apenas reconhece a necessidade de uma transforma\u00e7\u00e3o econ\u00f4mica profunda para enfrentar a crise clim\u00e1tica, mas insiste que essa mudan\u00e7a deve ser equitativa e inclusiva. Isso significa que os trabalhadores, cujos empregos s\u00e3o afetados pela transi\u00e7\u00e3o para uma economia verde, devem ser apoiados atrav\u00e9s de programas de requalifica\u00e7\u00e3o profissional, prote\u00e7\u00e3o social e cria\u00e7\u00e3o de novos empregos, dignos e perenes. <strong>A Organiza\u00e7\u00e3o Internacional do Trabalho (OIT) destaca que uma transi\u00e7\u00e3o justa n\u00e3o apenas protege os trabalhadores, mas tamb\u00e9m pode acelerar a ado\u00e7\u00e3o de pr\u00e1ticas mais sustent\u00e1veis.<\/strong><\/p>\n\n\n\n<p>A nova agenda trabalhista deve incorporar a rela\u00e7\u00e3o entre trabalho e a crise clim\u00e1tica, reconhecendo que a sustentabilidade ambiental est\u00e1 intrinsecamente ligada ao bem-estar dos trabalhadores. Isso implica: a) investir em programas de treinamento para capacitar trabalhadores em novas habilidades necess\u00e1rias para os empregos verdes; b) desenvolver sistemas robustos de prote\u00e7\u00e3o social que ofere\u00e7am seguran\u00e7a econ\u00f4mica durante a transi\u00e7\u00e3o para novos empregos; c) incentivar setores econ\u00f4micos que gerem empregos sustent\u00e1veis e de baixo impacto ambiental; d) estabelecer regulamenta\u00e7\u00f5es que garantam condi\u00e7\u00f5es de trabalho seguras e justas nos setores emergentes da economia verde; e) promover o di\u00e1logo entre governos, empregadores e trabalhadores para garantir que as pol\u00edticas de transi\u00e7\u00e3o justa sejam efetivas e inclusivas.<\/p>\n\n\n\n<p>Al\u00e9m disso, todas rela\u00e7\u00f5es de trabalho, ainda que em setores tradicionais da economia, devem ser reconfiguradas para integrar a agenda clim\u00e1tica de forma central. Isso inclui: <strong>a) incorpora\u00e7\u00e3o de pr\u00e1ticas sustent\u00e1veis no local de trabalho, ou seja, implementar medidas de efici\u00eancia energ\u00e9tica, gest\u00e3o de res\u00edduos e redu\u00e7\u00e3o de emiss\u00f5es nos ambientes de trabalho; b) participa\u00e7\u00e3o dos trabalhadores nas decis\u00f5es ambientais, isto \u00e9, incluir os trabalhadores nos processos de tomada de decis\u00e3o sobre pr\u00e1ticas ambientais e pol\u00edticas de sustentabilidade; c) gerar incentivos fiscais e financeiros para empresas que adotem pr\u00e1ticas sustent\u00e1veis e criem empregos verdes.<\/strong><\/p>\n\n\n\n<p>Em resumo, a integra\u00e7\u00e3o da agenda clim\u00e1tica \u00e0 pr\u00e1tica do Direito Trabalhista \u00e9 essencial para garantir que a transi\u00e7\u00e3o para uma economia verde seja justa e inclusiva. Ao promover empregos verdes, investir em requalifica\u00e7\u00e3o profissional e assegurar prote\u00e7\u00e3o social, \u00e9 poss\u00edvel maximizar benef\u00edcios sociais, ambientais e econ\u00f4micos. Trata-se, portanto, de um contexto oportuno para promover a reconfigura\u00e7\u00e3o das rela\u00e7\u00f5es de trabalho de forma integrada e sustent\u00e1vel.<\/p>\n\n\n\n<p>Autor:&nbsp;<\/p>\n\n\n\n<p><a href=\"https:\/\/www.linkedin.com\/in\/luiz-ot%C3%A1vio-almeida-lima-e-silva-1a989932\/\">Luiz Ot\u00e1vio de Almeida Lima e Silva<\/a><\/p>\n\n\n\n<p>Renomado advogado especializado em Direito Trabalhista, Civil e Desportivo, com destaque em negocia\u00e7\u00f5es e casos de alto perfil em setores variados. Fundador da Bresciani e Almeida Sociedade de Advogados, atua tamb\u00e9m como consultor trabalhista para empresas. Com forma\u00e7\u00e3o avan\u00e7ada, incluindo p\u00f3s-gradua\u00e7\u00e3o e especializa\u00e7\u00f5es internacionais, \u00e9 um participante ativo em congressos e contribuidor para o debate jur\u00eddico, sendo fluente em ingl\u00eas e com conhecimentos de espanhol. Inscrito na OAB\/SP 265396<\/p>\n\n\n\n<p>Refer\u00eancias Bibliogr\u00e1ficas:<\/p>\n\n\n\n<p>1. Organiza\u00e7\u00e3o Internacional do Trabalho (OIT). (2015). Diretrizes para uma transi\u00e7\u00e3o justa para economias e sociedades ambientalmente sustent\u00e1veis para todos.<\/p>\n\n\n\n<p>2. Painel Intergovernamental sobre Mudan\u00e7as Clim\u00e1ticas (IPCC). (2021). Relat\u00f3rio de Avalia\u00e7\u00e3o.<\/p>\n\n\n\n<p>3. Banco Mundial. (2020). Empregos e Mudan\u00e7a Clim\u00e1tica: Desafios e Oportunidades.<\/p>\n","protected":false},"excerpt":{"rendered":"<p>Um enfoque nas rela\u00e7\u00f5es de trabalho, a partir da nova agenda clim\u00e1tica A crise clim\u00e1tica \u00e9 uma realidade incontest\u00e1vel, que demanda respostas urgentes, efetivas e&hellip;<\/p>\n","protected":false},"author":1,"featured_media":374,"comment_status":"closed","ping_status":"closed","sticky":false,"template":"","format":"standard","meta":{"sfsi_plus_gutenberg_text_before_share":"","sfsi_plus_gutenberg_show_text_before_share":"","sfsi_plus_gutenberg_icon_type":"","sfsi_plus_gutenberg_icon_alignemt":"","sfsi_plus_gutenburg_max_per_row":"","footnotes":""},"categories":[2],"tags":[49,68,65,66,67],"_links":{"self":[{"href":"http:\/\/bresciani-almeida.com.br\/artigos\/wp-json\/wp\/v2\/posts\/373"}],"collection":[{"href":"http:\/\/bresciani-almeida.com.br\/artigos\/wp-json\/wp\/v2\/posts"}],"about":[{"href":"http:\/\/bresciani-almeida.com.br\/artigos\/wp-json\/wp\/v2\/types\/post"}],"author":[{"embeddable":true,"href":"http:\/\/bresciani-almeida.com.br\/artigos\/wp-json\/wp\/v2\/users\/1"}],"replies":[{"embeddable":true,"href":"http:\/\/bresciani-almeida.com.br\/artigos\/wp-json\/wp\/v2\/comments?post=373"}],"version-history":[{"count":1,"href":"http:\/\/bresciani-almeida.com.br\/artigos\/wp-json\/wp\/v2\/posts\/373\/revisions"}],"predecessor-version":[{"id":375,"href":"http:\/\/bresciani-almeida.com.br\/artigos\/wp-json\/wp\/v2\/posts\/373\/revisions\/375"}],"wp:featuredmedia":[{"embeddable":true,"href":"http:\/\/bresciani-almeida.com.br\/artigos\/wp-json\/wp\/v2\/media\/374"}],"wp:attachment":[{"href":"http:\/\/bresciani-almeida.com.br\/artigos\/wp-json\/wp\/v2\/media?parent=373"}],"wp:term":[{"taxonomy":"category","embeddable":true,"href":"http:\/\/bresciani-almeida.com.br\/artigos\/wp-json\/wp\/v2\/categories?post=373"},{"taxonomy":"post_tag","embeddable":true,"href":"http:\/\/bresciani-almeida.com.br\/artigos\/wp-json\/wp\/v2\/tags?post=373"}],"curies":[{"name":"wp","href":"https:\/\/api.w.org\/{rel}","templated":true}]}}