{"id":351,"date":"2024-07-01T15:47:38","date_gmt":"2024-07-01T15:47:38","guid":{"rendered":"https:\/\/bresciani-almeida.com.br\/artigos\/?p=351"},"modified":"2024-08-13T13:26:33","modified_gmt":"2024-08-13T13:26:33","slug":"a-liberdade-de-expressao-do-empregado-frente-ao-poder-diretivo-do-empregador","status":"publish","type":"post","link":"http:\/\/bresciani-almeida.com.br\/artigos\/a-liberdade-de-expressao-do-empregado-frente-ao-poder-diretivo-do-empregador\/","title":{"rendered":"A LIBERDADE DE EXPRESS\u00c3O DO EMPREGADO FRENTE AO PODER DIRETIVO DO EMPREGADOR"},"content":{"rendered":"\n<p>No passado, as rela\u00e7\u00f5es de trabalho nem sempre foram vistas \u00e0 luz da liberdade de express\u00e3o. O trabalho como express\u00e3o dessa liberdade \u00e9 uma conquista recente.&nbsp;<\/p>\n\n\n\n<p>Se por um lado, <strong>os empregadores t\u00eam o direito de dirigir, fiscalizar e disciplinar, mas devem respeitar os direitos de todos, apesar das din\u00e2micas do trabalho.<\/strong> Por outro lado, os trabalhadores, mesmo em rela\u00e7\u00f5es desiguais, t\u00eam o direito de preservar suas liberdades e direitos.<\/p>\n\n\n\n<p>\u00c9 importante entender que, em quest\u00f5es de liberdade de pensamento, h\u00e1 limita\u00e7\u00f5es para todos. Para compreender isso, precisamos revisitar conceitos jur\u00eddicos e hist\u00f3ricos. Os direitos fundamentais, incluindo a liberdade de pensamento, s\u00e3o essenciais para uma vida digna e s\u00e3o protegidos pela Constitui\u00e7\u00e3o.<\/p>\n\n\n\n<p>No Brasil, <strong>a liberdade est\u00e1 enraizada nos princ\u00edpios do valor social do trabalho e da dignidade humana.<\/strong> Valorizar o trabalho \u00e9 essencial para uma sociedade mais justa.<\/p>\n\n\n\n<p>Embora a legisla\u00e7\u00e3o trabalhista brasileira n\u00e3o aborde especificamente a liberdade de express\u00e3o dos empregados, outras leis podem ser aplicadas em disputas. <strong>Em Portugal, a liberdade de express\u00e3o \u00e9 garantida, protegendo tanto empregadores quanto empregados, e respeitando a privacidade de ambos.<\/strong><\/p>\n\n\n\n<p>Na esfera trabalhista, <strong>a liberdade de consci\u00eancia, cren\u00e7a e pol\u00edtica \u00e9 crucial. No entanto, esta liberdade tem seus limites \u00e9ticos, morais e legais. Difama\u00e7\u00e3o, inj\u00faria ou cal\u00fania podem levar \u00e0 demiss\u00e3o por justa causa.<\/strong><\/p>\n\n\n\n<p>Os empregadores t\u00eam o direito de dirigir e fiscalizar, mas isso deve ser feito com respeito \u00e0 dignidade do trabalhador e \u00e0 sua liberdade individual.&nbsp;<\/p>\n\n\n\n<p>A revolu\u00e7\u00e3o tecnol\u00f3gica trouxe desafios adicionais, especialmente com as redes sociais, exigindo cautela para evitar danos \u00e0 imagem de indiv\u00edduos e organiza\u00e7\u00f5es.<\/p>\n\n\n\n<p>A t\u00edtulo de exemplo, consideremos o caso de um funcion\u00e1rio que, insatisfeito com uma decis\u00e3o da empresa, faz uma postagem difamat\u00f3ria em suas redes sociais, acusando a empresa de pr\u00e1ticas injustas ou anti\u00e9ticas. Mesmo que o funcion\u00e1rio esteja expressando sua opini\u00e3o, difamar a empresa dessa maneira pode ser considerado um grave desrespeito \u00e0s normas e \u00e0 imagem da empresa. Em muitos casos, isso pode resultar na demiss\u00e3o por justa causa do funcion\u00e1rio, uma vez que <strong>a liberdade de express\u00e3o n\u00e3o concede o direito de difamar outras pessoas ou empresas.<\/strong><\/p>\n\n\n\n<p>Em um Estado Democr\u00e1tico de Direito, \u00e9 essencial equilibrar a liberdade de express\u00e3o com outros direitos fundamentais, como a dignidade humana e o direito \u00e0 privacidade. Tanto os indiv\u00edduos quanto as empresas t\u00eam direito \u00e0 prote\u00e7\u00e3o de sua personalidade, e o poder de dire\u00e7\u00e3o do empregador deve ser exercido com respeito \u00e0 dignidade do trabalhador e \u00e0 sua liberdade de express\u00e3o.&nbsp;<\/p>\n\n\n\n<p>Em suma, \u00e9 crucial buscar um equil\u00edbrio justo e harmonioso para garantir os direitos de todos nas rela\u00e7\u00f5es de trabalho.&nbsp;<\/p>\n\n\n\n<p>Autor:<\/p>\n\n\n\n<p><a href=\"https:\/\/www.linkedin.com\/in\/luiz-ot%C3%A1vio-almeida-lima-e-silva-1a989932\/\">Luiz Ot\u00e1vio de Almeida Lima e Silva<\/a><\/p>\n\n\n\n<p>Renomado advogado especializado em Direito Trabalhista, Civil e Desportivo, com destaque em negocia\u00e7\u00f5es e casos de alto perfil em setores variados. Fundador da Bresciani e Almeida Sociedade de Advogados, atua tamb\u00e9m como consultor trabalhista para empresas. Com forma\u00e7\u00e3o avan\u00e7ada, incluindo p\u00f3s-gradua\u00e7\u00e3o e especializa\u00e7\u00f5es internacionais, \u00e9 um participante ativo em congressos e contribuidor para o debate jur\u00eddico, sendo fluente em ingl\u00eas e com conhecimentos de espanhol.<\/p>\n","protected":false},"excerpt":{"rendered":"<p>No passado, as rela\u00e7\u00f5es de trabalho nem sempre foram vistas \u00e0 luz da liberdade de express\u00e3o. O trabalho como express\u00e3o dessa liberdade \u00e9 uma conquista&hellip;<\/p>\n","protected":false},"author":1,"featured_media":361,"comment_status":"closed","ping_status":"closed","sticky":false,"template":"","format":"standard","meta":{"sfsi_plus_gutenberg_text_before_share":"","sfsi_plus_gutenberg_show_text_before_share":"","sfsi_plus_gutenberg_icon_type":"","sfsi_plus_gutenberg_icon_alignemt":"","sfsi_plus_gutenburg_max_per_row":"","footnotes":""},"categories":[1],"tags":[44,57,31,21],"_links":{"self":[{"href":"http:\/\/bresciani-almeida.com.br\/artigos\/wp-json\/wp\/v2\/posts\/351"}],"collection":[{"href":"http:\/\/bresciani-almeida.com.br\/artigos\/wp-json\/wp\/v2\/posts"}],"about":[{"href":"http:\/\/bresciani-almeida.com.br\/artigos\/wp-json\/wp\/v2\/types\/post"}],"author":[{"embeddable":true,"href":"http:\/\/bresciani-almeida.com.br\/artigos\/wp-json\/wp\/v2\/users\/1"}],"replies":[{"embeddable":true,"href":"http:\/\/bresciani-almeida.com.br\/artigos\/wp-json\/wp\/v2\/comments?post=351"}],"version-history":[{"count":2,"href":"http:\/\/bresciani-almeida.com.br\/artigos\/wp-json\/wp\/v2\/posts\/351\/revisions"}],"predecessor-version":[{"id":362,"href":"http:\/\/bresciani-almeida.com.br\/artigos\/wp-json\/wp\/v2\/posts\/351\/revisions\/362"}],"wp:featuredmedia":[{"embeddable":true,"href":"http:\/\/bresciani-almeida.com.br\/artigos\/wp-json\/wp\/v2\/media\/361"}],"wp:attachment":[{"href":"http:\/\/bresciani-almeida.com.br\/artigos\/wp-json\/wp\/v2\/media?parent=351"}],"wp:term":[{"taxonomy":"category","embeddable":true,"href":"http:\/\/bresciani-almeida.com.br\/artigos\/wp-json\/wp\/v2\/categories?post=351"},{"taxonomy":"post_tag","embeddable":true,"href":"http:\/\/bresciani-almeida.com.br\/artigos\/wp-json\/wp\/v2\/tags?post=351"}],"curies":[{"name":"wp","href":"https:\/\/api.w.org\/{rel}","templated":true}]}}